[{"@context":"https:\/\/schema.org\/","@type":"Article","@id":"https:\/\/www.aromako.cz\/chytre-uceni\/#Article","mainEntityOfPage":"https:\/\/www.aromako.cz\/chytre-uceni\/","headline":"Chytr\u00e9 u\u010den\u00ed","name":"Chytr\u00e9 u\u010den\u00ed","description":"Kdysi jsem si \u0159ekla, \u017ee bych mohla d\u011blat n\u011bco u\u017eite\u010dn\u00e9ho. Nikdy m\u011b nic moc nebavilo. Nejrad\u011bji jsem jen doma le\u017eela v knih\u00e1ch. Taky jsem m\u011bla r\u00e1da \u010dasopisy. Sice jsem \u010detla opravdu r\u016fzn\u00e9 \u010dasopisy od d\u011btsk\u00fdch a\u017e po v\u011bdeck\u00e9 \u010dasopisy, ale [&hellip;]","datePublished":"2021-11-28","dateModified":"2023-04-30","author":{"@type":"Person","@id":"https:\/\/www.aromako.cz\/author\/#Person","name":"","url":"https:\/\/www.aromako.cz\/author\/","identifier":1,"image":{"@type":"ImageObject","@id":"https:\/\/secure.gravatar.com\/avatar\/13dbcc20b7c05fcb5c4a6b0bee5a7107a0aae9238a83a4088a42d170780b2eca?s=96&d=mm&r=g","url":"https:\/\/secure.gravatar.com\/avatar\/13dbcc20b7c05fcb5c4a6b0bee5a7107a0aae9238a83a4088a42d170780b2eca?s=96&d=mm&r=g","height":96,"width":96}},"publisher":{"@type":"Organization","name":"aromako.cz","logo":{"@type":"ImageObject","@id":"\/logo.png","url":"\/logo.png","width":600,"height":60}},"image":{"@type":"ImageObject","@id":"https:\/\/www.aromako.cz\/wp-content\/uploads\/modr%C3%BD%20internet_1.jpg","url":"https:\/\/www.aromako.cz\/wp-content\/uploads\/modr%C3%BD%20internet_1.jpg","height":0,"width":0},"url":"https:\/\/www.aromako.cz\/chytre-uceni\/","about":["IT"],"wordCount":417,"articleBody":"Kdysi jsem si \u0159ekla, \u017ee bych mohla d\u011blat n\u011bco u\u017eite\u010dn\u00e9ho. Nikdy m\u011b nic moc nebavilo. Nejrad\u011bji jsem jen doma le\u017eela v knih\u00e1ch. Taky jsem m\u011bla r\u00e1da \u010dasopisy. Sice jsem \u010detla opravdu r\u016fzn\u00e9 \u010dasopisy od d\u011btsk\u00fdch a\u017e po v\u011bdeck\u00e9 \u010dasopisy, ale n\u011bjak moc m\u011b to nezaujalo. Cht\u011bla jsem po\u0159\u00e1d n\u011bco v\u00edc d\u011blat. A tak mi jednoho dne uchv\u00e1tilo, kdy\u017e moje kamar\u00e1dka za\u010dala pracovat na po\u010d\u00edta\u010di. Bylo mi asi \u0161estn\u00e1ct nebo sedmn\u00e1ct let. Sice jsem chodila na ekonomickou st\u0159edn\u00ed \u0161kolu, ale v budoucnu jsem v\u011bd\u011bla, \u017ee tohle d\u011blat nikdy nebudu. D\u011blala bych to pouze v p\u0159\u00edpad\u011b nouze. A nikdy jsem necht\u011bla b\u00fdt p\u0159\u00edpad nouze, to je logick\u00e9. A tak jsem si \u0159ekla, \u017ee bude taky perfektn\u00ed, kdy\u017e si p\u0159i studiu ud\u011bl\u00e1m n\u011bjak\u00e9 rekvalifika\u010dn\u00ed kurzy. Podle m\u00e9ho n\u00e1zoru rekvalifika\u010dn\u00edch kurz\u016f nen\u00ed opravdu nikdy dost a j\u00e1 jsem a u\u017e m\u00e1m t\u0159i.M\u00e1m rekvalifika\u010dn\u00ed kurz na u\u010den\u00ed jazyk\u016f angli\u010dtiny a ital\u0161tiny. Mysl\u00edm, \u017ee informa\u010dn\u00ed technologie v tomto je tak\u00e9 v\u00fdborn\u00e1. M\u00e1m taky kurz informa\u010dn\u00ed technologie a po\u010d\u00edta\u010de. Informatika a informa\u010dn\u00ed technologie jsou proto velmi d\u016fle\u017eit\u00e9 a u\u017eite\u010dn\u00e9. A moc r\u00e1da vyu\u010duji d\u011bti na prvn\u00edm stupni. Ano, na prvn\u00edm stupni. Mnoho lid\u00ed tohle zatracuje. Mnoho lid\u00ed chce, aby se d\u00edt\u011b setkalo s po\u010d\u00edta\u010dem a\u017e v druh\u00e9m stupni z\u00e1kladn\u00ed \u0161koly.Jen\u017ee podle m\u00e9ho n\u00e1zoru je to \u0161koda. Mnoho lid\u00ed na druh\u00e9m stupni u\u017e ovl\u00e1d\u00e1 po\u010d\u00edta\u010d, co\u017e je naprosto dokonal\u00e9. Tak pro\u010d bychom m\u011bli prv\u0148\u00e1\u010dk\u016fm nebo\u00a0druh\u00e1k\u016fm\u00a0tak zt\u011b\u017eovat \u017eivot, \u017ee jim odm\u00edtneme n\u011bjak\u00e9 vzd\u011bl\u00e1n\u00ed, co se t\u00fd\u010de informa\u010dn\u00ed techniky. A kdy\u017e to tak u\u017e vezmete, tak u\u010den\u00ed je\u00a0z\u00e1klad\u00a0\u017eivota. \u0158\u00edk\u00e1 se\u00a0p\u0159eci, \u017ee \u017e\u00e1dn\u00fd u\u010den\u00fd z nebe nespadl, tak\u017ee se \u010dlov\u011bk\u00a0v\u0161echno\u00a0mus\u00ed nau\u010dit s\u00e1m. Anebo s pomoc\u00ed n\u011bkoho, kdo to um\u00ed. Tak\u017ee se nebojte n\u011bkoho \u0161kolen\u00e9ho po\u017e\u00e1dat,\u00a0aby v\u00e1m\u00a0pomohl. Nap\u0159\u00edklad s tou informa\u010dn\u00ed technologi\u00ed. Podle m\u00e9ho n\u00e1zoru jsou informa\u010dn\u00ed technologie u\u017e t\u00e9m\u011b\u0159 v\u0161ude nezbytn\u00e9.                                                                                                                                                                                                                                                                                                                                                                                        4.4\/5 - (11 votes)        "},{"@context":"https:\/\/schema.org\/","@type":"BreadcrumbList","itemListElement":[{"@type":"ListItem","position":1,"name":"Chytr\u00e9 u\u010den\u00ed","item":"https:\/\/www.aromako.cz\/chytre-uceni\/#breadcrumbitem"}]}]