[{"@context":"https:\/\/schema.org\/","@type":"Article","@id":"https:\/\/www.aromako.cz\/i-jizdu-taxikem-si-muzete-patricne-uzit\/#Article","mainEntityOfPage":"https:\/\/www.aromako.cz\/i-jizdu-taxikem-si-muzete-patricne-uzit\/","headline":"I j\u00edzdu tax\u00edkem si m\u016f\u017eete pat\u0159i\u010dn\u011b u\u017e\u00edt","name":"I j\u00edzdu tax\u00edkem si m\u016f\u017eete pat\u0159i\u010dn\u011b u\u017e\u00edt","description":"Dne\u0161n\u00ed doba je hektick\u00e1, rychl\u00e1, jedna ud\u00e1lost st\u0159\u00edd\u00e1 druhou a pak nen\u00ed divu, \u017ee \u010dasto sh\u00e1n\u00edme odvoz na posledn\u00ed chv\u00edli, a to \u010dasto znamen\u00e1 vyu\u017eit\u00ed tax\u00edku. M\u00e1te ale \u0161patn\u00e9 zku\u0161enosti? P\u0159edra\u017een\u00e9 ceny, dlouh\u00e9 a zbyte\u010dn\u00e9 \u010dek\u00e1n\u00ed, ne\u017e k v\u00e1m v\u016fbec [&hellip;]","datePublished":"2024-10-19","dateModified":"2024-10-19","author":{"@type":"Person","@id":"https:\/\/www.aromako.cz\/author\/#Person","name":"","url":"https:\/\/www.aromako.cz\/author\/","identifier":1,"image":{"@type":"ImageObject","@id":"https:\/\/secure.gravatar.com\/avatar\/13dbcc20b7c05fcb5c4a6b0bee5a7107a0aae9238a83a4088a42d170780b2eca?s=96&d=mm&r=g","url":"https:\/\/secure.gravatar.com\/avatar\/13dbcc20b7c05fcb5c4a6b0bee5a7107a0aae9238a83a4088a42d170780b2eca?s=96&d=mm&r=g","height":96,"width":96}},"publisher":{"@type":"Organization","name":"aromako.cz","logo":{"@type":"ImageObject","@id":"\/logo.png","url":"\/logo.png","width":600,"height":60}},"url":"https:\/\/www.aromako.cz\/i-jizdu-taxikem-si-muzete-patricne-uzit\/","wordCount":248,"articleBody":"Dne\u0161n\u00ed doba je hektick\u00e1, rychl\u00e1, jedna ud\u00e1lost st\u0159\u00edd\u00e1 druhou a pak nen\u00ed divu, \u017ee \u010dasto sh\u00e1n\u00edme odvoz na posledn\u00ed chv\u00edli, a to \u010dasto znamen\u00e1 vyu\u017eit\u00ed tax\u00edku. M\u00e1te ale \u0161patn\u00e9 zku\u0161enosti? P\u0159edra\u017een\u00e9 ceny, dlouh\u00e9 a zbyte\u010dn\u00e9 \u010dek\u00e1n\u00ed, ne\u017e k v\u00e1m v\u016fbec smluven\u00fd v\u016fz doraz\u00ed, a kdy\u017e u\u017e p\u0159ijede, je interi\u00e9r \u0161pinav\u00fd a v\u016fz star\u00fd a nevzhledn\u00fd? Zkr\u00e1tka a dob\u0159e, nestoj\u00ed to skoro ani za p\u016fl slova. Jde to ale i jinak! Jak, pt\u00e1te se? Vyu\u017eijte mo\u017enosti, kter\u00e9 v\u00e1m p\u0159in\u00e1\u0161\u00ed taxi Praha, a uvid\u00edte sami, jak moc to bude jin\u00e9!Vyu\u017eijte na\u0161\u00ed exkluzivn\u00ed nab\u00eddkyKdy\u017e si toti\u017e zavol\u00e1te na\u0161e modern\u00ed taxi Praha, tak nejen, \u017ee nebudete muset dlouho \u010dekat na p\u0159\u00edjezd vozu, ale nav\u00edc budete i mile p\u0159ekvapeni cenami. Dr\u017e\u00edme s na\u0161\u00ed konkurenc\u00ed krok a co v\u00edc, my ji dok\u00e1\u017eeme i hrav\u011b p\u0159edhonit. Ostatn\u011b, na na\u0161ich internetov\u00fdch str\u00e1nk\u00e1ch se o tom m\u016f\u017eete na vlastn\u00ed o\u010di snadno p\u0159esv\u011bd\u010dit. Pod\u00edvejte se tam je\u0161t\u011b dnes a hlavn\u011b, opi\u0161te si na n\u00e1s kontakt, proto\u017ee a\u017e pak budete rychle pot\u0159ebovat odvoz, u\u017e se nebudete muset ni\u010d\u00edm stresovat. P\u0159ijedeme pro v\u00e1s rychlost\u00ed blesku a stejn\u011b rychle v\u00e1s pak odvezeme, kam si jen budete p\u0159\u00e1t.                                                                                                                                                                                                                                                                                                                                                                                        4\/5 - (3 votes)        "},{"@context":"https:\/\/schema.org\/","@type":"BreadcrumbList","itemListElement":[{"@type":"ListItem","position":1,"name":"I j\u00edzdu tax\u00edkem si m\u016f\u017eete pat\u0159i\u010dn\u011b u\u017e\u00edt","item":"https:\/\/www.aromako.cz\/i-jizdu-taxikem-si-muzete-patricne-uzit\/#breadcrumbitem"}]}]