[{"@context":"https:\/\/schema.org\/","@type":"Article","@id":"https:\/\/www.aromako.cz\/jak-se-spravne-obleknout-do-prace\/#Article","mainEntityOfPage":"https:\/\/www.aromako.cz\/jak-se-spravne-obleknout-do-prace\/","headline":"Jak se spr\u00e1vn\u011b obl\u00e9knout do pr\u00e1ce?","name":"Jak se spr\u00e1vn\u011b obl\u00e9knout do pr\u00e1ce?","description":"V mnoha firm\u00e1ch jsou zavedeny intern\u00ed sm\u011brnice, kter\u00e1 n\u00e1s do jist\u00e9 m\u00edry limituj\u00ed v obl\u00e9k\u00e1n\u00ed. I v zam\u011bstn\u00e1n\u00ed se ale m\u016f\u017eete c\u00edtit pohodln\u011b, stylov\u011b a z\u00e1rove\u0148 spl\u0148ovat p\u0159edepsan\u00fd dress code. Ov\u0161em i my jsme jenom lid\u00e9, a tak \u010das o [&hellip;]","datePublished":"2020-04-06","dateModified":"2023-04-30","author":{"@type":"Person","@id":"https:\/\/www.aromako.cz\/author\/#Person","name":"","url":"https:\/\/www.aromako.cz\/author\/","identifier":1,"image":{"@type":"ImageObject","@id":"https:\/\/secure.gravatar.com\/avatar\/13dbcc20b7c05fcb5c4a6b0bee5a7107a0aae9238a83a4088a42d170780b2eca?s=96&d=mm&r=g","url":"https:\/\/secure.gravatar.com\/avatar\/13dbcc20b7c05fcb5c4a6b0bee5a7107a0aae9238a83a4088a42d170780b2eca?s=96&d=mm&r=g","height":96,"width":96}},"publisher":{"@type":"Organization","name":"aromako.cz","logo":{"@type":"ImageObject","@id":"\/logo.png","url":"\/logo.png","width":600,"height":60}},"image":{"@type":"ImageObject","@id":"https:\/\/www.aromako.cz\/wp-content\/uploads\/pracuj%C3%ADc%C3%AD%20%C5%BEena.jpg","url":"https:\/\/www.aromako.cz\/wp-content\/uploads\/pracuj%C3%ADc%C3%AD%20%C5%BEena.jpg","height":0,"width":0},"url":"https:\/\/www.aromako.cz\/jak-se-spravne-obleknout-do-prace\/","about":["Podnik\u00e1n\u00ed"],"wordCount":410,"articleBody":"       V mnoha firm\u00e1ch jsou zavedeny intern\u00ed sm\u011brnice, kter\u00e1 n\u00e1s do jist\u00e9 m\u00edry limituj\u00ed v obl\u00e9k\u00e1n\u00ed. I v zam\u011bstn\u00e1n\u00ed se ale m\u016f\u017eete c\u00edtit pohodln\u011b, stylov\u011b a z\u00e1rove\u0148 spl\u0148ovat p\u0159edepsan\u00fd dress code. Ov\u0161em i my jsme jenom lid\u00e9, a tak \u010das o \u010dasu m\u016f\u017eeme do pr\u00e1ce obl\u00e9knout kousek, kter\u00fd m\u016f\u017eeme ve firm\u011b vzbuzovat nel\u00edtostiv\u00e9 pohledy. Poj\u010fme se tedy spole\u010dn\u011b pod\u00edvat na kousky, ze kter\u00fdch u\u017e \u0161\u00e9f nikdy \u0161\u00edlit nebude!  Z pracovn\u00edho \u0161atn\u00edku bychom m\u011bli vyhodit v\u0161echny od\u011bvy, kter\u00e9 p\u016fsob\u00ed p\u0159\u00edli\u0161 vyz\u00fdvav\u011b. To znamen\u00e1 v\u0161e, kde je viditeln\u00e9 nebo prostupuj\u00edc\u00ed spodn\u00ed pr\u00e1dlo, dokonce i ram\u00ednka, je nevhodn\u00e9. Stejn\u011b tak krajkov\u00e9 oble\u010den\u00ed, kter\u00e9 m\u016f\u017ee na prvn\u00ed pohled evokovat no\u010dn\u00ed pr\u00e1dlo, rad\u011bji do pr\u00e1ce neobl\u00e9kejte. Oble\u010den\u00ed se vzory divok\u00fdch zv\u00ed\u0159at se op\u011br vrac\u00ed do m\u00f3dy, ale i tyto kousky rad\u011bji ze sv\u00e9ho pracovn\u00edho \u0161atn\u00edku rad\u011bji vy\u0159a\u010fte.  Nevkusn\u011b mohou p\u016fsobit i od\u011bvy, kter\u00e9 jsou \u017een\u011b z\u00e1m\u011brn\u011b mal\u00e9 a a\u017e p\u0159\u00edli\u0161 p\u0159il\u00e9haj\u00ed a obep\u00ednaj\u00ed \u017eensk\u00e9 k\u0159ivky. I v\u00edce rozev\u0159en\u00e1 halenka nebo p\u0159\u00edli\u0161 kr\u00e1tk\u00e1 sukn\u011b mohou p\u016fsobit neprofesion\u00e1ln\u00edm dojmem a \u017eena s takov\u00fdm oble\u010den\u00edm se mu\u017e\u016fm jev\u00ed jako nekompetentn\u00ed osoba s ne p\u0159\u00edli\u0161 vysok\u00fdm sebev\u011bdom\u00edm.  Jsou vhodn\u00e9 \u0161perky? A jak\u00e9 kousky vyb\u00edrat? Pokud bychom m\u011bli vyp\u00edchnout jeden dopln\u011bk, rozhodn\u011b by to byly kvalitn\u00ed hodinky, se kter\u00fdmi nem\u016f\u017eete nikdy \u0161l\u00e1pnout vedle.   Designov\u00e9 \u0161perky volte z rozvahou a zvl\u00e1\u0161t\u011b v pr\u00e1ci znamen\u00e1 m\u00e9n\u011b v\u00edce. Vkusn\u00fdm zlat\u00fdm a jednoduch\u00fdm \u0161perkem rozhodn\u011b nic nezkaz\u00edte, pak sta\u010d\u00ed jednoduch\u00e9 a decentn\u00ed n\u00e1u\u0161nice a m\u00e1te hotovo.  \u0160aty v\u017edy s vhodnou d\u00e9lkou. Jak\u00e1 to je? Ide\u00e1ln\u00ed je takov\u00e9 rozmez\u00ed sukn\u00ed, kdy ty nejkrat\u0161\u00ed by m\u011bly kon\u010dit t\u0159i centimetry nad koleny a ty nejdel\u0161\u00ed tak, aby \u017een\u011b byly vid\u011bt boty. Pokud se budete https:\/\/www.prozeny.cz\/clanek\/co-muzum-na-zenach-vadi-v-tomhle-delate-ty-nejvetsi-chyby-33029  dr\u017eet v tomto rozmez\u00ed, nem\u016f\u017eete d\u00e9lkou sukn\u011b nikdy nic pokazit. V\u0161e co je v\u00ed\u0161e nebo naopak n\u00ed\u017ee, je nevhodn\u00e9 ba dokonce v mnoha firm\u00e1ch nep\u0159\u00edpustn\u00e9.                                                                                                                                                                                                                                                                                                                                                                                          3.9\/5 - (8 votes)        "},{"@context":"https:\/\/schema.org\/","@type":"BreadcrumbList","itemListElement":[{"@type":"ListItem","position":1,"name":"Jak se spr\u00e1vn\u011b obl\u00e9knout do pr\u00e1ce?","item":"https:\/\/www.aromako.cz\/jak-se-spravne-obleknout-do-prace\/#breadcrumbitem"}]}]