[{"@context":"https:\/\/schema.org\/","@type":"Article","@id":"https:\/\/www.aromako.cz\/jestli-se-ti-neco-nelibi-zmen-to-nejsi-strom\/#Article","mainEntityOfPage":"https:\/\/www.aromako.cz\/jestli-se-ti-neco-nelibi-zmen-to-nejsi-strom\/","headline":"Jestli se ti n\u011bco nel\u00edb\u00ed, zm\u011b\u0148 to! Nejsi strom.","name":"Jestli se ti n\u011bco nel\u00edb\u00ed, zm\u011b\u0148 to! Nejsi strom.","description":"Cit\u00e1t zn\u00e1m\u00e9ho \u0159e\u010dn\u00edka a motiv\u00e1tora Jima Rohna poukazuje na \u010dast\u00fd probl\u00e9m: pocit, \u017ee se na\u0161e probl\u00e9my nikdy nezm\u011bn\u00ed. Je pravda, \u017ee okolnosti na\u0161ich \u017eivot\u016f mnohdy zm\u011bnit opravdu nem\u016f\u017eeme. Alespo\u0148 ne tak, jak bychom si p\u0159edstavovali. Kdy\u017e se toti\u017e pot\u00e1c\u00edme od [&hellip;]","datePublished":"2020-02-22","dateModified":"2023-04-30","author":{"@type":"Person","@id":"https:\/\/www.aromako.cz\/author\/#Person","name":"","url":"https:\/\/www.aromako.cz\/author\/","identifier":1,"image":{"@type":"ImageObject","@id":"https:\/\/secure.gravatar.com\/avatar\/13dbcc20b7c05fcb5c4a6b0bee5a7107a0aae9238a83a4088a42d170780b2eca?s=96&d=mm&r=g","url":"https:\/\/secure.gravatar.com\/avatar\/13dbcc20b7c05fcb5c4a6b0bee5a7107a0aae9238a83a4088a42d170780b2eca?s=96&d=mm&r=g","height":96,"width":96}},"publisher":{"@type":"Organization","name":"aromako.cz","logo":{"@type":"ImageObject","@id":"\/logo.png","url":"\/logo.png","width":600,"height":60}},"image":{"@type":"ImageObject","@id":"https:\/\/www.aromako.cz\/wp-content\/uploads\/img_a370581_w4386_t1582195476.jpg","url":"https:\/\/www.aromako.cz\/wp-content\/uploads\/img_a370581_w4386_t1582195476.jpg","height":0,"width":0},"url":"https:\/\/www.aromako.cz\/jestli-se-ti-neco-nelibi-zmen-to-nejsi-strom\/","about":["Spole\u010dnost"],"wordCount":482,"articleBody":"Cit\u00e1t zn\u00e1m\u00e9ho \u0159e\u010dn\u00edka a motiv\u00e1tora Jima Rohna poukazuje na \u010dast\u00fd probl\u00e9m: pocit, \u017ee se na\u0161e probl\u00e9my nikdy nezm\u011bn\u00ed. Je pravda, \u017ee okolnosti na\u0161ich \u017eivot\u016f mnohdy zm\u011bnit opravdu nem\u016f\u017eeme. Alespo\u0148 ne tak, jak bychom si p\u0159edstavovali. Kdy\u017e se toti\u017e pot\u00e1c\u00edme od probl\u00e9mu k probl\u00e9mu, m\u00e1me dojem, \u017ee se to\u010d\u00edme v bludn\u00e9m kruhu a kles\u00e1me st\u00e1le n\u00ed\u017e a n\u00ed\u017e, st\u00e1le v\u00edc a v\u00edc n\u00e1s zaplavuje pocit zoufalstv\u00ed, kter\u00fd n\u00e1m zabra\u0148uje uva\u017eovat racion\u00e1ln\u011b, konstruktivn\u011b a u\u017eite\u010dn\u011b. K tomu se v\u00e1\u017ee, \u017ee m\u00e1lokdo n\u00e1m rozum\u00ed, bl\u00edzc\u00ed se n\u00e1m vyh\u00fdbaj\u00ed a p\u0159\u00e1tel\u00e9 se odvracej\u00ed.A nen\u00ed to v\u017edy proto, \u017ee jsou \u201ezl\u00ed\u201c. Ve v\u011bt\u0161in\u011b p\u0159\u00edpad\u016f jsou na tom podobn\u011b jako vy \u2013 nev\u00ed, jak si (v\u00e1m) poradit s tak t\u011b\u017ek\u00fdmi probl\u00e9my. A ano, rychl\u00e1 \u0159e\u0161en\u00ed a chytr\u00e9 rady nepom\u00e1haj\u00ed. Nez\u00e1le\u017e\u00ed na tom, zda jste si sv\u00e9 probl\u00e9my zavinili sami nebo jste k nim p\u0159i\u0161li jak slep\u00ed k housl\u00edm. Probl\u00e9my tu zkr\u00e1tka jsou, anebo se mohou kdykoli objevit. A\u0165 u\u017e je to zadlu\u017eenost, v\u00e1\u017en\u00e1 nemoc, smrt bl\u00edzk\u00e9 osoby, ztr\u00e1ty st\u0159echy nad hlavou, prost\u011b cokoli. Co je ale velmi d\u016fle\u017eit\u00e9 \u2013 v\u010das vyhledat pomoc! Pr\u00e1v\u011b proto, \u017ee nem\u016f\u017eete okolnosti sami zm\u011bnit, anebo si to jen mysl\u00edte, je moc d\u016fle\u017eit\u00e9, abyste se nestyd\u011bli o sv\u00fdch probl\u00e9mech mluvit. A pokud to nejde s va\u0161imi bl\u00edzk\u00fdmi, nebojte se vyhledat odbornou pomoc. Tu byste m\u011bli v n\u011bkter\u00fdch p\u0159\u00edpadech vyhledat, i kdybyste m\u011bli ty nej\u00fa\u017easn\u011bj\u0161\u00ed p\u0159\u00e1tele, proto\u017ee ani takov\u00ed v\u00e1m nemus\u00ed v\u017edy d\u00e1t dobrou a spr\u00e1vnou radu. Na v\u0161echny v\u00fd\u0161e zmi\u0148ovan\u00e9 probl\u00e9my existuj\u00ed vy\u0161kolen\u00ed poradci, profesion\u00e1lov\u00e9, kte\u0159\u00ed jsou tu pro v\u00e1s, \u010dasto i bezplatn\u011b(!), aby v\u00e1s provedli t\u00edm nejt\u011b\u017e\u0161\u00edm obdob\u00edm va\u0161eho \u017eivota.Pro na\u0161i spole\u010dnost jsou tyto probl\u00e9my st\u00e1le velk\u00fdm tabu. Pokud nev\u00edte, za jak\u00fdm konkr\u00e9tn\u011b odborn\u00edkem zaj\u00edt, obra\u0165te se na va\u0161eho praktick\u00e9ho l\u00e9ka\u0159e nebo na m\u00edstn\u00ed \u00fa\u0159ad. Nebojte se v\u010das vyhledat pomoc psychologa, terapeuta, soci\u00e1ln\u00edho pracovn\u00edka a dal\u0161\u00edch, kte\u0159\u00ed v\u00e1m ve va\u0161\u00ed t\u011b\u017ek\u00e9 \u017eivotn\u00ed situaci jsou p\u0159ipraveni pomoci. Jsou za to placen\u00ed, jsou zvykl\u00ed na v\u0161echno a maj\u00ed hlub\u0161\u00ed p\u0159ehled o r\u016fzn\u00fdch mo\u017enostech dal\u0161\u00edho postupu p\u0159i \u0159e\u0161en\u00ed va\u0161ich probl\u00e9m\u016f. \u010c\u00edm d\u0159\u00edve za\u010dnete o sv\u00fdch probl\u00e9mech mluvit, t\u00edm l\u00e9pe pro v\u00e1s.                                                                                                                                                                                                                                                                                                                                                                                        4.3\/5 - (9 votes)        "},{"@context":"https:\/\/schema.org\/","@type":"BreadcrumbList","itemListElement":[{"@type":"ListItem","position":1,"name":"Jestli se ti n\u011bco nel\u00edb\u00ed, zm\u011b\u0148 to! Nejsi strom.","item":"https:\/\/www.aromako.cz\/jestli-se-ti-neco-nelibi-zmen-to-nejsi-strom\/#breadcrumbitem"}]}]