[{"@context":"https:\/\/schema.org\/","@type":"Article","@id":"https:\/\/www.aromako.cz\/kulturni-a-pamatkova-mapa-pardubickeho-kraje\/#Article","mainEntityOfPage":"https:\/\/www.aromako.cz\/kulturni-a-pamatkova-mapa-pardubickeho-kraje\/","headline":"Kulturn\u00ed a pam\u00e1tkov\u00e1 mapa Pardubick\u00e9ho kraje","name":"Kulturn\u00ed a pam\u00e1tkov\u00e1 mapa Pardubick\u00e9ho kraje","description":"Je mnoho volno\u010dasov\u00fdch aktivit, kter\u00e9 m\u016f\u017eeme provozovat a pat\u0159\u00ed mezi n\u011b i r\u016fzn\u00e9 kulturn\u00ed akce a p\u0159\u00edrodn\u00ed pam\u00e1tky, kter\u00fdch je v \u010cesk\u00e9 republice velk\u00e9 mno\u017estv\u00ed. Naj\u00edt ty nejlep\u0161\u00ed je v\u0161ak v\u017edy t\u011b\u017ek\u00e9 a je tak pot\u0159eba spolehliv\u00fd partner, kter\u00fd v\u00e1m [&hellip;]","datePublished":"2024-04-26","dateModified":"2024-04-26","author":{"@type":"Person","@id":"https:\/\/www.aromako.cz\/author\/#Person","name":"","url":"https:\/\/www.aromako.cz\/author\/","identifier":1,"image":{"@type":"ImageObject","@id":"https:\/\/secure.gravatar.com\/avatar\/13dbcc20b7c05fcb5c4a6b0bee5a7107a0aae9238a83a4088a42d170780b2eca?s=96&d=mm&r=g","url":"https:\/\/secure.gravatar.com\/avatar\/13dbcc20b7c05fcb5c4a6b0bee5a7107a0aae9238a83a4088a42d170780b2eca?s=96&d=mm&r=g","height":96,"width":96}},"publisher":{"@type":"Organization","name":"aromako.cz","logo":{"@type":"ImageObject","@id":"\/logo.png","url":"\/logo.png","width":600,"height":60}},"url":"https:\/\/www.aromako.cz\/kulturni-a-pamatkova-mapa-pardubickeho-kraje\/","wordCount":253,"articleBody":"Je mnoho volno\u010dasov\u00fdch aktivit, kter\u00e9 m\u016f\u017eeme provozovat a pat\u0159\u00ed mezi n\u011b i r\u016fzn\u00e9 kulturn\u00ed akce a p\u0159\u00edrodn\u00ed pam\u00e1tky, kter\u00fdch je v \u010cesk\u00e9 republice velk\u00e9 mno\u017estv\u00ed. Naj\u00edt ty nejlep\u0161\u00ed je v\u0161ak v\u017edy t\u011b\u017ek\u00e9 a je tak pot\u0159eba spolehliv\u00fd partner, kter\u00fd v\u00e1m v\u017edy pom\u016f\u017ee. T\u00edmto partnerem je p\u0159itom n\u00e1\u0161 port\u00e1l, kter\u00fd nab\u00edz\u00ed aktu\u00e1ln\u00ed a p\u0159esn\u00e9 informace o kulturn\u00edch akc\u00edch, pam\u00e1tk\u00e1ch ale i jin\u00fdch v\u00fdletech po cel\u00e9 \u010cesk\u00e9 republice. Pl\u00e1nov\u00e1n\u00ed jak\u00e9hokoli v\u00fdletu je tak d\u00edky n\u011bmu snadn\u00e9 a v\u017edy se najde z\u00e1bava na v\u00edkend nebo dovolenou.Prozkoumejte na\u0161\u00ed zemiV\u00fdlety jsou skv\u011blou mo\u017enost\u00ed, jak si u\u017e\u00edt voln\u00fd \u010das a poznat nov\u00e9 pam\u00e1tky, lidi nebo r\u016fzn\u00e9 p\u0159\u00edb\u011bhy. Jejich pl\u00e1nov\u00e1n\u00ed je v\u0161ak n\u00e1ro\u010dn\u00e9 a to kv\u016fli velk\u00e9mu mno\u017estv\u00ed mo\u017enost\u00ed. Mapa Pardubick\u00fd kraj v\u00e1m v\u0161ak nab\u00eddne aktu\u00e1ln\u00ed nab\u00eddku r\u016fzn\u00fdch ud\u00e1lost\u00ed \u010di v\u00fdlet\u016f a pom\u016f\u017ee v\u00e1m tak s pl\u00e1nov\u00e1n\u00edm i na n\u011bkolik dn\u00ed dop\u0159edu. D\u00edky p\u0159ehledn\u00e9mu syst\u00e9mu zde nav\u00edc naleznete v\u0161echny pot\u0159ebn\u00e9 informace, jako jsou m\u00edsto kon\u00e1n\u00ed, \u010das nebo vstupn\u00e9. Kdykoli si tak m\u016f\u017eete u\u017e\u00edt skv\u011blou z\u00e1bavu a z\u00edskat mnoho nov\u00fdch z\u00e1\u017eitk\u016f.                                                                                                                                                                                                                                                                                                                                                                                        4.4\/5 - (8 votes)        "},{"@context":"https:\/\/schema.org\/","@type":"BreadcrumbList","itemListElement":[{"@type":"ListItem","position":1,"name":"Kulturn\u00ed a pam\u00e1tkov\u00e1 mapa Pardubick\u00e9ho kraje","item":"https:\/\/www.aromako.cz\/kulturni-a-pamatkova-mapa-pardubickeho-kraje\/#breadcrumbitem"}]}]