[{"@context":"https:\/\/schema.org\/","@type":"Article","@id":"https:\/\/www.aromako.cz\/moda-pro-silnejsi-zeny\/#Article","mainEntityOfPage":"https:\/\/www.aromako.cz\/moda-pro-silnejsi-zeny\/","headline":"M\u00f3da pro siln\u011bj\u0161\u00ed \u017eeny","name":"M\u00f3da pro siln\u011bj\u0161\u00ed \u017eeny","description":"Ne v\u0161echny \u017eeny maj\u00ed postavu modelky. Existuj\u00ed \u017eeny, kter\u00e9 jsou siln\u011bj\u0161\u00ed. Ur\u010dit\u011b dan\u00fdm \u017een\u00e1m nem\u016f\u017eeme m\u00edt n\u011bco takov\u00e9ho za zl\u00e9, proto\u017ee se n\u011bco takov\u00e9ho odv\u00edj\u00ed zejm\u00e9na od toho, z\u00a0jak\u00e9 rodiny poch\u00e1z\u00edme. Jsou rodiny, kde je b\u011b\u017en\u00e9, \u017ee jsou v\u0161echny \u017eeny [&hellip;]","datePublished":"2022-07-23","dateModified":"2023-04-30","author":{"@type":"Person","@id":"https:\/\/www.aromako.cz\/author\/#Person","name":"","url":"https:\/\/www.aromako.cz\/author\/","identifier":1,"image":{"@type":"ImageObject","@id":"https:\/\/secure.gravatar.com\/avatar\/13dbcc20b7c05fcb5c4a6b0bee5a7107a0aae9238a83a4088a42d170780b2eca?s=96&d=mm&r=g","url":"https:\/\/secure.gravatar.com\/avatar\/13dbcc20b7c05fcb5c4a6b0bee5a7107a0aae9238a83a4088a42d170780b2eca?s=96&d=mm&r=g","height":96,"width":96}},"publisher":{"@type":"Organization","name":"aromako.cz","logo":{"@type":"ImageObject","@id":"\/logo.png","url":"\/logo.png","width":600,"height":60}},"image":{"@type":"ImageObject","@id":"https:\/\/www.aromako.cz\/wp-content\/uploads\/od%C4%9Bv.JPG","url":"https:\/\/www.aromako.cz\/wp-content\/uploads\/od%C4%9Bv.JPG","height":0,"width":0},"url":"https:\/\/www.aromako.cz\/moda-pro-silnejsi-zeny\/","about":["M\u00f3da"],"wordCount":453,"articleBody":"Ne v\u0161echny \u017eeny maj\u00ed postavu modelky. Existuj\u00ed \u017eeny, kter\u00e9 jsou siln\u011bj\u0161\u00ed. Ur\u010dit\u011b dan\u00fdm \u017een\u00e1m nem\u016f\u017eeme m\u00edt n\u011bco takov\u00e9ho za zl\u00e9, proto\u017ee se n\u011bco takov\u00e9ho odv\u00edj\u00ed zejm\u00e9na od toho, z\u00a0jak\u00e9 rodiny poch\u00e1z\u00edme. Jsou rodiny, kde je b\u011b\u017en\u00e9, \u017ee jsou v\u0161echny \u017eeny p\u0159i t\u011ble. Je tedy mo\u017en\u00e9, \u017ee i d\u00edt\u011b, kter\u00e9 se narod\u00ed a bude se jednat o \u017eenu, bude tak\u00e9 p\u0159i t\u011ble.Jsou ale mu\u017ei, kte\u0159\u00ed n\u011bco takov\u00e9ho ocen\u00ed mnohem v\u00edce, ne\u017e \u017eenu, kter\u00e1 je p\u0159\u00edli\u0161 huben\u00e1. Ka\u017ed\u00e1 \u017eena je opravdu jin\u00e1 a \u017e\u00e1dn\u00e9 \u017een\u011b nem\u016f\u017eeme m\u00edt za zl\u00e9 to, jestli je huben\u00e1 nebo p\u0159i t\u011ble, proto\u017ee za n\u011bco takov\u00e9ho mohou mnohdy geny, se kter\u00fdmi \u010dlov\u011bk opravdu nic neud\u011bl\u00e1.Pokud je ale n\u011bco, za co m\u016f\u017eeme b\u00fdt velmi r\u00e1di, pak je to to, \u017ee m\u00f3dn\u00ed zna\u010dky se zam\u011b\u0159uj\u00ed jak na oble\u010den\u00ed pro \u017eeny huben\u00e9, tak i na oble\u010den\u00ed pro \u017eeny siln\u011bj\u0161\u00ed. Rozhodn\u011b nen\u00ed probl\u00e9m naj\u00edt hned n\u011bkolik tri\u010dek v\u00a0men\u0161\u00edch nebo v\u011bt\u0161\u00edch rozm\u011brech. Je ale pot\u0159eba po\u0159\u00e1dn\u011b se d\u00edvat.\u00a0Pokud i vy pat\u0159\u00edte k\u00a0t\u011bm \u017een\u00e1m, kter\u00e9 jsou siln\u011bj\u0161\u00ed, nebojte se toho, \u017ee nenajdete kousek, kter\u00fd se v\u00e1m l\u00edb\u00ed, ve v\u011bt\u0161\u00ed velikosti. Jist\u011b najdete.\u00a0Existuj\u00ed dokonce i p\u0159\u00edmo obchody, kter\u00e9 jsou ur\u010deny pro siln\u011bj\u0161\u00ed \u017eeny. Pr\u00e1v\u011b do t\u011bchto obchod\u016f zav\u00edt\u00e1 mnoho \u017een a nemaj\u00ed zde probl\u00e9m sehnat v\u011bci, kter\u00e9 jim velice slu\u0161\u00ed a jsou za vhodn\u00e9 ceny.\u00a0Jestli je ale n\u011bco, na co je pot\u0159eba d\u00e1vat si pozor, pak jsou to velikosti oble\u010den\u00ed. M\u016f\u017eete se setkat s\u00a0t\u00edm, \u017ee n\u011bkde v\u00e1m bude sed\u011bt jin\u00e9 \u010d\u00edslo, ne\u017e n\u011bkde jinde. Je to hodn\u011b o tom, o jak\u00fd obchod se jedn\u00e1.\u00a0V\u017edy je dobr\u00e9 a to jak v\u00a0p\u0159\u00edpad\u011b huben\u00fdch, tak i siln\u011bj\u0161\u00edch \u017een oble\u010den\u00ed, kter\u00e9 se dan\u00e9 \u017een\u011b l\u00edb\u00ed, vyzkou\u0161et, aby se v\u00e1m nestalo, \u017ee na v\u00e1s bude dan\u00fd kus oble\u010den\u00ed viset nebo v\u00e1m naopak bude mal\u00e9, tak\u017ee p\u016fjde vid\u011bt naprosto v\u0161e, o co\u017e mnoho \u017een nestoj\u00ed.\u00a0Jsou v\u011bci, kter\u00e9 je pot\u0159eba si hl\u00eddat. Ka\u017ed\u00e1 \u017eena ale bez probl\u00e9m\u016f se\u017eene n\u011bjak\u00e9 oble\u010den\u00ed, kter\u00e9 j\u00ed bude slu\u0161et. Sta\u010d\u00ed skute\u010dn\u011b jen hledat a to ve velikosti, kter\u00e1 by v\u00e1m mohla sed\u011bt.                                                                                                                                                                                                                                                                                                                                                                                        4.6\/5 - (11 votes)        "},{"@context":"https:\/\/schema.org\/","@type":"BreadcrumbList","itemListElement":[{"@type":"ListItem","position":1,"name":"M\u00f3da pro siln\u011bj\u0161\u00ed \u017eeny","item":"https:\/\/www.aromako.cz\/moda-pro-silnejsi-zeny\/#breadcrumbitem"}]}]