[{"@context":"https:\/\/schema.org\/","@type":"Article","@id":"https:\/\/www.aromako.cz\/nabidka-zamerena-na-seniory\/#Article","mainEntityOfPage":"https:\/\/www.aromako.cz\/nabidka-zamerena-na-seniory\/","headline":"Nab\u00eddka zam\u011b\u0159en\u00e1 na seniory","name":"Nab\u00eddka zam\u011b\u0159en\u00e1 na seniory","description":"V dne\u0161n\u00ed dob\u011b je nab\u00edzeno opravdu mnoho zaj\u00edmav\u00fdch pobyt\u016f pro seniory, kter\u00e9 jsou atraktivn\u00ed jak cenou, tak tak\u00e9 svou lokalitou a zam\u011b\u0159en\u00edm. Komu by se nel\u00edbilo, jet za naprosto b\u00e1je\u010dn\u00e9 pen\u00edze do vyhl\u00e1\u0161en\u00fdch l\u00e1zn\u00ed a relaxovat? Zn\u00ed to opravdu l\u00e1kav\u011b, [&hellip;]","datePublished":"2025-08-24","dateModified":"2025-08-24","author":{"@type":"Person","@id":"https:\/\/www.aromako.cz\/author\/#Person","name":"","url":"https:\/\/www.aromako.cz\/author\/","identifier":1,"image":{"@type":"ImageObject","@id":"https:\/\/secure.gravatar.com\/avatar\/13dbcc20b7c05fcb5c4a6b0bee5a7107a0aae9238a83a4088a42d170780b2eca?s=96&d=mm&r=g","url":"https:\/\/secure.gravatar.com\/avatar\/13dbcc20b7c05fcb5c4a6b0bee5a7107a0aae9238a83a4088a42d170780b2eca?s=96&d=mm&r=g","height":96,"width":96}},"publisher":{"@type":"Organization","name":"aromako.cz","logo":{"@type":"ImageObject","@id":"\/logo.png","url":"\/logo.png","width":600,"height":60}},"url":"https:\/\/www.aromako.cz\/nabidka-zamerena-na-seniory\/","wordCount":256,"articleBody":"V dne\u0161n\u00ed dob\u011b je nab\u00edzeno opravdu mnoho zaj\u00edmav\u00fdch pobyt\u016f pro seniory, kter\u00e9 jsou atraktivn\u00ed jak cenou, tak tak\u00e9 svou lokalitou a zam\u011b\u0159en\u00edm. Komu by se nel\u00edbilo, jet za naprosto b\u00e1je\u010dn\u00e9 pen\u00edze do vyhl\u00e1\u0161en\u00fdch l\u00e1zn\u00ed a relaxovat? Zn\u00ed to opravdu l\u00e1kav\u011b, proto\u017ee ve st\u00e1\u0159\u00ed m\u00e1 \u010dlov\u011bk spoustu \u010dasu a m\u016f\u017ee si dovolit jezdit na skv\u011bl\u00e9 z\u00e1jezdy. Podnikn\u011bte tedy i vy bu\u010f sami, anebo t\u0159eba s va\u0161\u00ed \u017eivotn\u00ed l\u00e1skou n\u011bjak\u00fd kr\u00e1sn\u00fd pobyt, kter\u00fd si pln\u011b u\u017eijete a kter\u00fd pro v\u00e1s bude t\u00edm prav\u00fdm. M\u016f\u017eete si u\u017e\u00edvat horsk\u00e9 klima, anebo naopak relaxovat a nab\u00edrat s\u00edly v n\u011bjak\u00fdch vyhl\u00e1\u0161en\u00fdch l\u00e1zn\u00edch po cel\u00e9 \u010cesk\u00e9 republice. Mo\u017enost\u00ed m\u00e1te spoustu, je tak snadn\u00e9 vytrhnout se z b\u011b\u017en\u00e9ho d\u016fchodov\u00e9ho stereotypu, kter\u00fd bohu\u017eel zaplavil spoustu star\u0161\u00edch lid\u00ed. Dotovan\u00e9 z\u00e1jezdy Opravdu v\u00fdhodn\u00e9 je i to, \u017ee v\u011bt\u0161ina z\u00e1jezdu je nab\u00edzena za atraktivn\u00ed ceny. Ty k mo\u0159i b\u00fdvaj\u00ed nav\u00edc ob\u010dasn\u011b tak\u00e9 dotovan\u00e9, na \u010dem\u017e se m\u016f\u017ee perfektn\u011b u\u0161et\u0159it. Nemus\u00edte se tedy b\u00e1t, \u017ee byste si d\u00edky sv\u00e9mu pr\u016fm\u011brn\u00e9mu d\u016fchodu nemohli nic dovolit, tak tomu rozhodn\u011b nen\u00ed. D\u00edky \u0161irok\u00e9 nab\u00eddce z\u00e1jezd\u016f za opravdu b\u00e1je\u010dn\u00e9 ceny si m\u016f\u017eete dokonce vyb\u00edrat, kam va\u0161e cesty povedou.                                                                                                                                                                                                                                                                                                                                                                                                "},{"@context":"https:\/\/schema.org\/","@type":"BreadcrumbList","itemListElement":[{"@type":"ListItem","position":1,"name":"Nab\u00eddka zam\u011b\u0159en\u00e1 na seniory","item":"https:\/\/www.aromako.cz\/nabidka-zamerena-na-seniory\/#breadcrumbitem"}]}]