[{"@context":"https:\/\/schema.org\/","@type":"Article","@id":"https:\/\/www.aromako.cz\/party-stany-na-pronajem\/#Article","mainEntityOfPage":"https:\/\/www.aromako.cz\/party-stany-na-pronajem\/","headline":"P\u00e1rty stany na pron\u00e1jem","name":"P\u00e1rty stany na pron\u00e1jem","description":"V dne\u0161n\u00ed dob\u011b si m\u016f\u017eete p\u00e1rty stany vyp\u016fj\u010dit nebo dokonce i po\u0159\u00eddit \u010dili zakoupit. Sta\u010d\u00ed si vybrat z r\u016fzn\u00fdch velikost\u00ed a druh\u016f a u\u017e m\u016f\u017ee b\u00fdt V\u00e1\u0161. Mnoho lid\u00ed v\u0161ak vol\u00ed tu druhou variantu a stan si nepo\u0159izuj\u00ed vlastn\u00ed, proto\u017ee [&hellip;]","datePublished":"2020-07-13","dateModified":"2024-04-10","author":{"@type":"Person","@id":"https:\/\/www.aromako.cz\/author\/#Person","name":"","url":"https:\/\/www.aromako.cz\/author\/","identifier":1,"image":{"@type":"ImageObject","@id":"https:\/\/secure.gravatar.com\/avatar\/13dbcc20b7c05fcb5c4a6b0bee5a7107a0aae9238a83a4088a42d170780b2eca?s=96&d=mm&r=g","url":"https:\/\/secure.gravatar.com\/avatar\/13dbcc20b7c05fcb5c4a6b0bee5a7107a0aae9238a83a4088a42d170780b2eca?s=96&d=mm&r=g","height":96,"width":96}},"publisher":{"@type":"Organization","name":"aromako.cz","logo":{"@type":"ImageObject","@id":"\/logo.png","url":"\/logo.png","width":600,"height":60}},"image":{"@type":"ImageObject","@id":"https:\/\/www.aromako.cz\/wp-content\/uploads\/oslava%20sklenice%20a%20lid%C3%A9.jpeg","url":"https:\/\/www.aromako.cz\/wp-content\/uploads\/oslava%20sklenice%20a%20lid%C3%A9.jpeg","height":0,"width":0},"url":"https:\/\/www.aromako.cz\/party-stany-na-pronajem\/","about":["V\u00fdrobky"],"wordCount":456,"articleBody":"         V dne\u0161n\u00ed dob\u011b si m\u016f\u017eete p\u00e1rty stany vyp\u016fj\u010dit nebo dokonce i po\u0159\u00eddit \u010dili zakoupit. Sta\u010d\u00ed si vybrat z r\u016fzn\u00fdch velikost\u00ed a druh\u016f a u\u017e m\u016f\u017ee b\u00fdt V\u00e1\u0161. Mnoho lid\u00ed v\u0161ak vol\u00ed tu druhou variantu a stan si nepo\u0159izuj\u00ed vlastn\u00ed, proto\u017ee ho pot\u0159ebuj\u00ed nap\u0159\u00edklad na jednu oslavu za rok, tak\u017ee by bylo zbyte\u010dn\u00e9 po\u0159izovat si vlastn\u00ed stan, kdy\u017e si ho m\u016f\u017eete jednou za rok vyp\u016fj\u010dit. Stan tak\u00e9 mnoho lid\u00ed nem\u00e1 kam uskladnit, a proto vol\u00ed rad\u011bji variantu pron\u00e1jmu neboli vyp\u016fj\u010den\u00ed. V n\u011bkter\u00fdch p\u0159\u00edpadech ho pot\u0159ebujeme t\u0159eba jen jednou za \u017eivot, v jin\u00fdch p\u00e1rkr\u00e1t za \u017eivot nebo jen p\u00e1rkr\u00e1t za n\u011bkolik dlouh\u00fdch let.Tak\u017ee jak na to?Jdeme se pod\u00edvat, jak\u00e9 typy a druhy existuj\u00ed. Existuje jich nep\u0159ebern\u00e9 mno\u017estv\u00ed. R\u016fzn\u00e9 druhy i velikosti. V p\u0159\u00edpad\u011b, \u017ee pl\u00e1nujete oslavu, svatbu venku na zahrad\u011b nebo nap\u0159\u00edklad kulatiny \u010di n\u011bjakou garden p\u00e1rty, jist\u011b p\u0159em\u00fd\u0161l\u00edte nad zast\u0159e\u0161en\u00edm. V t\u011bchto p\u0159\u00edpadech je nejvhodn\u011bj\u0161\u00ed pr\u00e1v\u011b stan. Ten jednodu\u0161e rozlo\u017e\u00edte a smontujete a pak zase rozd\u011bl\u00e1te a odvezete. Nic slo\u017eit\u00e9ho v tom nen\u00ed.Existuj\u00ed velkokapacitn\u00ed pro n\u011bkolik dokonce a\u017e stovek osob, nebo tak\u00e9 n\u016f\u017ekov\u00e9, vhodn\u00e9 nap\u0159\u00edklad v p\u0159\u00edpad\u011b, \u017ee chcete jet na veletrh a pot\u0159ebujete mal\u00fd st\u00e1nek jako zast\u0159e\u0161en\u00ed pro svou divizi.Pt\u00e1te se na cenu? Ta je ur\u010dit\u011b tak\u00e9 d\u016fle\u017eit\u00e1.Nev\u00edte, jak\u00e1 m\u016f\u017ee b\u00fdt jejich cena? To V\u00e1m \u0159ekne pron\u00e1jem party stan\u016f cen\u00edk.V cen\u00edku najdete ve\u0161ker\u00e9 pot\u0159ebn\u00e9 informace ohledn\u011b ceny. Jsou zde uvedeny konkr\u00e9tn\u00ed \u010d\u00e1stky na jednotliv\u00e9 v\u011bt\u0161\u00ed i men\u0161\u00ed p\u00e1rty stany.Nikdy nev\u00edme, jak\u00e9 bude po\u010das\u00edUd\u011blat oslavu na zahrad\u011b je sice kr\u00e1sn\u00e1 idea, ale nikdy \u010dlov\u011bk nev\u00ed, jak\u00e9 bude nakonec po\u010das\u00ed. Proto nen\u00ed radno d\u00e9\u0161\u0165 nebo v\u00edtr podce\u0148ovat, m\u016f\u017ee se objevit t\u00e9m\u011b\u0159 kdykoliv, a to dokonce i v p\u0159\u00edpad\u011b, \u017ee hl\u00e1s\u00ed jasno bez p\u0159eh\u00e1n\u011bk, o tom jsme se jist\u011b u\u017e ka\u017ed\u00fd na vlastn\u00ed k\u016f\u017ei mohli sami n\u011bkolikr\u00e1t p\u0159esv\u011bd\u010dit. Stan je tak\u00e9 jak\u00fdmsi \u00fato\u010di\u0161t\u011bm, kde se v\u0161e odehr\u00e1v\u00e1 a kam se lid\u00e9 shlukuj\u00ed, aby takzvan\u011b nebyli v\u0161ude mo\u017en\u011b. Je tedy ide\u00e1ln\u00ed volbou v p\u0159\u00edpad\u011b oslav, ale i svateb, firemn\u00edch a kulturn\u00edch akc\u00ed a mnoh\u00fdch dal\u0161\u00edch ud\u00e1lost\u00ed.                                                                                                                                                                                                                                                                                                                                                                                          4.1\/5 - (7 votes)        "},{"@context":"https:\/\/schema.org\/","@type":"BreadcrumbList","itemListElement":[{"@type":"ListItem","position":1,"name":"P\u00e1rty stany na pron\u00e1jem","item":"https:\/\/www.aromako.cz\/party-stany-na-pronajem\/#breadcrumbitem"}]}]