[{"@context":"https:\/\/schema.org\/","@type":"Article","@id":"https:\/\/www.aromako.cz\/uspesne-kapely-v-cechach\/#Article","mainEntityOfPage":"https:\/\/www.aromako.cz\/uspesne-kapely-v-cechach\/","headline":"\u00dasp\u011b\u0161n\u00e9 kapely v \u010cech\u00e1ch!","name":"\u00dasp\u011b\u0161n\u00e9 kapely v \u010cech\u00e1ch!","description":"V leto\u0161n\u00edm roce toti\u017e prob\u011bhl ji\u017e 25. ro\u010dn\u00edk hudebn\u00ed ankety \u017deb\u0159\u00edk, ve kter\u00e9m se mohli fanou\u0161ci nejprve libovoln\u011b vyj\u00e1d\u0159it ve smyslu toho, co maj\u00ed r\u00e1di a co r\u00e1di poslouchaj\u00ed, a d\u00e1le pak od \u00fanora mohli vyb\u00edrat z nominovan\u00fdch hudebn\u00edk\u016f, film\u016f, [&hellip;]","datePublished":"2025-03-05","dateModified":"2023-04-30","author":{"@type":"Person","@id":"https:\/\/www.aromako.cz\/author\/#Person","name":"","url":"https:\/\/www.aromako.cz\/author\/","identifier":1,"image":{"@type":"ImageObject","@id":"https:\/\/secure.gravatar.com\/avatar\/13dbcc20b7c05fcb5c4a6b0bee5a7107a0aae9238a83a4088a42d170780b2eca?s=96&d=mm&r=g","url":"https:\/\/secure.gravatar.com\/avatar\/13dbcc20b7c05fcb5c4a6b0bee5a7107a0aae9238a83a4088a42d170780b2eca?s=96&d=mm&r=g","height":96,"width":96}},"publisher":{"@type":"Organization","name":"aromako.cz","logo":{"@type":"ImageObject","@id":"\/logo.png","url":"\/logo.png","width":600,"height":60}},"image":{"@type":"ImageObject","@id":"https:\/\/www.aromako.cz\/wp-content\/uploads\/img_a330642_w2750_t1543144467.jpg","url":"https:\/\/www.aromako.cz\/wp-content\/uploads\/img_a330642_w2750_t1543144467.jpg","height":0,"width":0},"url":"https:\/\/www.aromako.cz\/uspesne-kapely-v-cechach\/","wordCount":446,"articleBody":"V leto\u0161n\u00edm roce toti\u017e prob\u011bhl ji\u017e 25. ro\u010dn\u00edk hudebn\u00ed ankety \u017deb\u0159\u00edk, ve kter\u00e9m se mohli fanou\u0161ci nejprve libovoln\u011b vyj\u00e1d\u0159it ve smyslu toho, co maj\u00ed r\u00e1di a co r\u00e1di poslouchaj\u00ed, a d\u00e1le pak od \u00fanora mohli vyb\u00edrat z nominovan\u00fdch hudebn\u00edk\u016f, film\u016f, kapel a v\u016fbec z kategori\u00ed, kter\u00e9 se oce\u0148uj\u00ed.Samy historick\u00e9 v\u00fdsledky hovo\u0159\u00ed v\u0161ak o tom, \u017ee tato anketa je tro\u0161ku jin\u00e1, ne\u017e u n\u00e1s nejzn\u00e1m\u011bj\u0161\u00ed anketa a jist\u011b v\u00e1s tedy budou zaj\u00edmat kapely, kter\u00e9 z\u00edskali v t\u00e9to anket\u011b \u017deb\u0159\u00edk ji\u017e sv\u00e9 m\u00edsto na v\u00fdslun\u00ed! A je to jen dob\u0159e.ArakainSamoz\u0159ejm\u011b v\u0161ichni tuto kapelu zn\u00e1me a v\u00edme, \u017ee nejlep\u0161\u00ed \u010dasy za\u017e\u00edvala s Ale\u0161em Brichtou v devades\u00e1t\u00fdch letech. Sice celkov\u011b vyhr\u00e1li pouze jedenkr\u00e1t, za to ale celkem osmkr\u00e1t z\u00edskala kapela um\u00edst\u011bn\u00ed na stupn\u00edch v\u00edt\u011bz\u016f.UDGSkv\u011bl\u00e1 kapela, kter\u00e1 v r\u00e1mci komer\u010dn\u00ed sc\u00e9ny nedosahuje takov\u00fdch v\u00fdsledk\u016f a ohlas\u016f, jak\u00e9 si zaslou\u017e\u00ed, se um\u00edstila v roce 2009 a 2010 na prvn\u00edm m\u00edst\u011b. Byla to jejich nej\u00fasp\u011b\u0161n\u011bj\u0161\u00ed etapa jejich fungov\u00e1n\u00ed. Samoz\u0159ejm\u011b \u00fasp\u011bch ovlivnilo album Autoportr\u00e9t.WohnoutJedna z m\u00e1la kapel, kter\u00e1 si dr\u017e\u00ed st\u00e1le sv\u016fj styl a z\u00e1rove\u0148 se j\u00ed poda\u0159ilo prosadit se i na komer\u010dn\u00ed sc\u00e9n\u011b, je pr\u00e1v\u011b Wohnout. V roce 2004 p\u0159i\u0161el v r\u00e1mci t\u00e9to ankety prvn\u00ed \u00fasp\u011bch. N\u00e1sledovaly \u00fasp\u011bchy s alby Rande s panem Bendou a n\u00e1sledn\u011b s albem Polib si d\u011bdu. Samoz\u0159ejm\u011b mimo v\u00edt\u011bzstv\u00ed z\u00edskali tak\u00e9 druh\u00e9 m\u00edst v roce 2005 a jedno t\u0159et\u00ed m\u00edsto v roce 2008. Celkov\u011b tedy maj\u00ed \u010dty\u0159ikr\u00e1t um\u00edst\u011bn\u00ed v nejlep\u0161\u00ed trojici roku.LucieMezi nejv\u011bt\u0161\u00ed fenom\u00e9ny devades\u00e1t\u00fdch let pat\u0159\u00ed samoz\u0159ejm\u011b kapela Lucie, kter\u00e1 prorazila naprosto a tot\u00e1ln\u011b a promluvila samoz\u0159ejm\u011b i do ankety \u017deb\u0159\u00edk. Nejv\u011bt\u0161\u00ed \u00fasp\u011bchy mel Koller se sv\u00fdmi kump\u00e1ny v druh\u00e9 polovin\u011b dek\u00e1dy a v r\u00e1mci \u017deb\u0159\u00edku z\u00edskali prvn\u00ed m\u00edsta v roce 1996, 1998 a 2000. V roce 1999 z\u00edskala Lucie tak\u00e9 druh\u00e9 m\u00edsto.\u00a0Samoz\u0159ejm\u011b o n\u011bco \u00fasp\u011b\u0161n\u011bj\u0161\u00ed v r\u00e1mci \u017deb\u0159\u00edku jsou tyto kapely:\u2022\u00a0\u00a0\u00a0\u00a0\u00a0\u00a0\u00a0 Kab\u00e1t\u2022\u00a0\u00a0\u00a0\u00a0\u00a0\u00a0\u00a0 Chinaski\u2022\u00a0\u00a0\u00a0\u00a0\u00a0\u00a0\u00a0 Kry\u0161tofTyto kapely v\u0161ak zn\u00e1me z komer\u010dn\u00ed sc\u00e9ny velmi dob\u0159e a nen\u00ed tedy t\u0159eba zd\u016fraz\u0148ovat, \u017ee jsou to nejlep\u0161\u00ed kapely u n\u00e1s!                                                                                                                                                                                                                                                                                                                                                                                        3\/5 - (2 votes)        "},{"@context":"https:\/\/schema.org\/","@type":"BreadcrumbList","itemListElement":[{"@type":"ListItem","position":1,"name":"\u00dasp\u011b\u0161n\u00e9 kapely v \u010cech\u00e1ch!","item":"https:\/\/www.aromako.cz\/uspesne-kapely-v-cechach\/#breadcrumbitem"}]}]